{"id":9371,"date":"2026-08-21T11:13:44","date_gmt":"2026-08-21T09:13:44","guid":{"rendered":"https:\/\/www.hotelsandanielecirella.it\/la-riviera-dei-cedri\/"},"modified":"2026-08-28T11:16:46","modified_gmt":"2026-08-28T09:16:46","slug":"la-riviera-dei-cedri","status":"publish","type":"post","link":"https:\/\/www.hotelsandanielecirella.it\/en\/la-riviera-dei-cedri\/","title":{"rendered":"The Riviera dei Cedri"},"content":{"rendered":"\t\t<div data-elementor-type=\"wp-post\" data-elementor-id=\"9371\" class=\"elementor elementor-9371 elementor-9088\" data-elementor-post-type=\"post\">\n\t\t\t\t\t\t<section class=\"elementor-section elementor-top-section elementor-element elementor-element-31af0521 elementor-section-full_width elementor-section-height-default elementor-section-height-default\" data-id=\"31af0521\" data-element_type=\"section\" data-e-type=\"section\">\n\t\t\t\t\t\t<div class=\"elementor-container elementor-column-gap-default\">\n\t\t\t\t\t<div class=\"elementor-column elementor-col-100 elementor-top-column elementor-element elementor-element-46c20556\" data-id=\"46c20556\" data-element_type=\"column\" data-e-type=\"column\">\n\t\t\t<div class=\"elementor-widget-wrap elementor-element-populated\">\n\t\t\t\t\t\t<div class=\"elementor-element elementor-element-6cab7331 elementor-widget elementor-widget-heading\" data-id=\"6cab7331\" data-element_type=\"widget\" data-e-type=\"widget\" data-widget_type=\"heading.default\">\n\t\t\t\t<div class=\"elementor-widget-container\">\n\t\t\t\t\t<p class=\"elementor-heading-title elementor-size-default\">Diamante \u00e8 un comune italiano di 4 989 abitanti della provincia di Cosenza, in Calabria. \u00c8 sito sulla costa tirrenica nordoccidentale della regione. Nel 2021 alla citt\u00e0 di Diamante \u00e8 stata assegnata la Bandiera blu, entrando cos\u00ec a far parte delle 210 localit\u00e0 marine italiane insignite di tale riconoscimento. <\/p>\t\t\t\t<\/div>\n\t\t\t\t<\/div>\n\t\t\t\t<div class=\"elementor-element elementor-element-2c18cf9a elementor-widget elementor-widget-heading\" data-id=\"2c18cf9a\" data-element_type=\"widget\" data-e-type=\"widget\" data-widget_type=\"heading.default\">\n\t\t\t\t<div class=\"elementor-widget-container\">\n\t\t\t\t\t<p class=\"elementor-heading-title elementor-size-default\">Posta al centro della Riviera dei Cedri, Diamante dispone di 8 km di spiagge, nonch\u00e9 di una delle due uniche isole della Calabria, l'isola di Cirella. <\/p>\t\t\t\t<\/div>\n\t\t\t\t<\/div>\n\t\t\t\t\t<\/div>\n\t\t<\/div>\n\t\t\t\t\t<\/div>\n\t\t<\/section>\n\t\t\t\t<section class=\"elementor-section elementor-top-section elementor-element elementor-element-41e5a4e0 elementor-section-full_width elementor-section-height-default elementor-section-height-default\" data-id=\"41e5a4e0\" data-element_type=\"section\" data-e-type=\"section\">\n\t\t\t\t\t\t<div class=\"elementor-container elementor-column-gap-default\">\n\t\t\t\t\t<div class=\"elementor-column elementor-col-50 elementor-top-column elementor-element elementor-element-31ed1870\" data-id=\"31ed1870\" data-element_type=\"column\" data-e-type=\"column\">\n\t\t\t<div class=\"elementor-widget-wrap elementor-element-populated\">\n\t\t\t\t\t\t<div class=\"elementor-element elementor-element-68507194 elementor-invisible elementor-widget elementor-widget-image\" data-id=\"68507194\" data-element_type=\"widget\" data-e-type=\"widget\" data-settings=\"{&quot;_animation&quot;:&quot;fadeInLeft&quot;}\" data-widget_type=\"image.default\">\n\t\t\t\t<div class=\"elementor-widget-container\">\n\t\t\t\t\t\t\t\t\t\t\t\t\t\t\t<img fetchpriority=\"high\" decoding=\"async\" width=\"1024\" height=\"683\" src=\"https:\/\/www.hotelsandanielecirella.it\/wp-cntnt\/uplds\/2024\/03\/SpiaggiagrandediamanteEM-1024x683.jpg\" class=\"elementor-animation-buzz-out attachment-large size-large wp-image-9378\" alt=\"\" srcset=\"https:\/\/www.hotelsandanielecirella.it\/wp-cntnt\/uplds\/2024\/03\/SpiaggiagrandediamanteEM-1024x683.jpg 1024w, https:\/\/www.hotelsandanielecirella.it\/wp-cntnt\/uplds\/2024\/03\/SpiaggiagrandediamanteEM-300x200.jpg 300w, https:\/\/www.hotelsandanielecirella.it\/wp-cntnt\/uplds\/2024\/03\/SpiaggiagrandediamanteEM-768x512.jpg 768w, https:\/\/www.hotelsandanielecirella.it\/wp-cntnt\/uplds\/2024\/03\/SpiaggiagrandediamanteEM-1536x1024.jpg 1536w, https:\/\/www.hotelsandanielecirella.it\/wp-cntnt\/uplds\/2024\/03\/SpiaggiagrandediamanteEM-2048x1365.jpg 2048w, https:\/\/www.hotelsandanielecirella.it\/wp-cntnt\/uplds\/2024\/03\/SpiaggiagrandediamanteEM-600x400.jpg 600w\" sizes=\"(max-width: 1024px) 100vw, 1024px\" \/>\t\t\t\t\t\t\t\t\t\t\t\t\t\t\t<\/div>\n\t\t\t\t<\/div>\n\t\t\t\t\t<\/div>\n\t\t<\/div>\n\t\t\t\t<div class=\"elementor-column elementor-col-50 elementor-top-column elementor-element elementor-element-6420e5c0\" data-id=\"6420e5c0\" data-element_type=\"column\" data-e-type=\"column\">\n\t\t\t<div class=\"elementor-widget-wrap elementor-element-populated\">\n\t\t\t\t\t\t<div class=\"elementor-element elementor-element-235cd2d0 elementor-invisible elementor-widget elementor-widget-image\" data-id=\"235cd2d0\" data-element_type=\"widget\" data-e-type=\"widget\" data-settings=\"{&quot;_animation&quot;:&quot;fadeInRight&quot;,&quot;_animation_delay&quot;:&quot;150&quot;}\" data-widget_type=\"image.default\">\n\t\t\t\t<div class=\"elementor-widget-container\">\n\t\t\t\t\t\t\t\t\t\t\t\t\t\t\t<img decoding=\"async\" width=\"1024\" height=\"576\" src=\"https:\/\/www.hotelsandanielecirella.it\/wp-cntnt\/uplds\/2024\/03\/Murales_diamante_in_una_vicolo_del_centro_2020-1024x576.jpg\" class=\"elementor-animation-buzz-out attachment-large size-large wp-image-9358\" alt=\"\" srcset=\"https:\/\/www.hotelsandanielecirella.it\/wp-cntnt\/uplds\/2024\/03\/Murales_diamante_in_una_vicolo_del_centro_2020-1024x576.jpg 1024w, https:\/\/www.hotelsandanielecirella.it\/wp-cntnt\/uplds\/2024\/03\/Murales_diamante_in_una_vicolo_del_centro_2020-300x169.jpg 300w, https:\/\/www.hotelsandanielecirella.it\/wp-cntnt\/uplds\/2024\/03\/Murales_diamante_in_una_vicolo_del_centro_2020-768x432.jpg 768w, https:\/\/www.hotelsandanielecirella.it\/wp-cntnt\/uplds\/2024\/03\/Murales_diamante_in_una_vicolo_del_centro_2020-1536x864.jpg 1536w, https:\/\/www.hotelsandanielecirella.it\/wp-cntnt\/uplds\/2024\/03\/Murales_diamante_in_una_vicolo_del_centro_2020-2048x1152.jpg 2048w, https:\/\/www.hotelsandanielecirella.it\/wp-cntnt\/uplds\/2024\/03\/Murales_diamante_in_una_vicolo_del_centro_2020-600x338.jpg 600w\" sizes=\"(max-width: 1024px) 100vw, 1024px\" \/>\t\t\t\t\t\t\t\t\t\t\t\t\t\t\t<\/div>\n\t\t\t\t<\/div>\n\t\t\t\t\t<\/div>\n\t\t<\/div>\n\t\t\t\t\t<\/div>\n\t\t<\/section>\n\t\t\t\t<section class=\"elementor-section elementor-top-section elementor-element elementor-element-456ea907 elementor-section-full_width elementor-section-height-default elementor-section-height-default\" data-id=\"456ea907\" data-element_type=\"section\" data-e-type=\"section\">\n\t\t\t\t\t\t<div class=\"elementor-container elementor-column-gap-default\">\n\t\t\t\t\t<div class=\"elementor-column elementor-col-100 elementor-top-column elementor-element elementor-element-623684ce\" data-id=\"623684ce\" data-element_type=\"column\" data-e-type=\"column\">\n\t\t\t<div class=\"elementor-widget-wrap elementor-element-populated\">\n\t\t\t\t\t\t<div class=\"elementor-element elementor-element-591e487b elementor-widget elementor-widget-heading\" data-id=\"591e487b\" data-element_type=\"widget\" data-e-type=\"widget\" data-widget_type=\"heading.default\">\n\t\t\t\t<div class=\"elementor-widget-container\">\n\t\t\t\t\t<h2 class=\"elementor-heading-title elementor-size-default\">Origini del Nome<\/h2>\t\t\t\t<\/div>\n\t\t\t\t<\/div>\n\t\t\t\t<div class=\"elementor-element elementor-element-4fc0df66 elementor-widget elementor-widget-heading\" data-id=\"4fc0df66\" data-element_type=\"widget\" data-e-type=\"widget\" data-widget_type=\"heading.default\">\n\t\t\t\t<div class=\"elementor-widget-container\">\n\t\t\t\t\t<p class=\"elementor-heading-title elementor-size-default\">Il nome del comune sembra essere proprio connesso col diamante, inteso come gioiello. Tuttavia non \u00e8 noto il motivo per il quale venne adottato tale nome. [6]\n\nUna fonte popolare, dal carattere fiabesco, asserisce che un corvo che si apprestava a bere dal torrente che bagna il paese subito a Nord del centro storico (chiamato per l\u2019appunto torrente Corvino), abbia da esso pescato un diamante. <\/p>\t\t\t\t<\/div>\n\t\t\t\t<\/div>\n\t\t\t\t<div class=\"elementor-element elementor-element-102c019 elementor-invisible elementor-widget elementor-widget-image\" data-id=\"102c019\" data-element_type=\"widget\" data-e-type=\"widget\" data-settings=\"{&quot;_animation&quot;:&quot;fadeIn&quot;}\" data-widget_type=\"image.default\">\n\t\t\t\t<div class=\"elementor-widget-container\">\n\t\t\t\t\t\t\t\t\t\t\t\t\t\t\t<img decoding=\"async\" width=\"1024\" height=\"401\" src=\"https:\/\/www.hotelsandanielecirella.it\/wp-cntnt\/uplds\/2024\/03\/Vistamarediamante-1024x401.jpg\" class=\"elementor-animation-buzz-out attachment-large size-large wp-image-9388\" alt=\"\" srcset=\"https:\/\/www.hotelsandanielecirella.it\/wp-cntnt\/uplds\/2024\/03\/Vistamarediamante-1024x401.jpg 1024w, https:\/\/www.hotelsandanielecirella.it\/wp-cntnt\/uplds\/2024\/03\/Vistamarediamante-300x117.jpg 300w, https:\/\/www.hotelsandanielecirella.it\/wp-cntnt\/uplds\/2024\/03\/Vistamarediamante-768x300.jpg 768w, https:\/\/www.hotelsandanielecirella.it\/wp-cntnt\/uplds\/2024\/03\/Vistamarediamante-1536x601.jpg 1536w, https:\/\/www.hotelsandanielecirella.it\/wp-cntnt\/uplds\/2024\/03\/Vistamarediamante-600x235.jpg 600w, https:\/\/www.hotelsandanielecirella.it\/wp-cntnt\/uplds\/2024\/03\/Vistamarediamante.jpg 1920w\" sizes=\"(max-width: 1024px) 100vw, 1024px\" \/>\t\t\t\t\t\t\t\t\t\t\t\t\t\t\t<\/div>\n\t\t\t\t<\/div>\n\t\t\t\t\t<\/div>\n\t\t<\/div>\n\t\t\t\t\t<\/div>\n\t\t<\/section>\n\t\t\t\t<\/div>\n\t\t","protected":false},"excerpt":{"rendered":"<p>Cirella lies in the heart of a stretch of coast where small villages, sea and mountains coexist close to one another. It&#8217;s a land to explore in several directions, following the rhythm of the day and letting curiosity be your guide<\/p>\n","protected":false},"author":1,"featured_media":9372,"comment_status":"closed","ping_status":"closed","sticky":false,"template":"","format":"standard","meta":{"_joinchat":[],"footnotes":""},"categories":[54],"tags":[],"class_list":["post-9371","post","type-post","status-publish","format-standard","has-post-thumbnail","hentry","category-dintorni"],"yoast_head":"<!-- This site is optimized with the Yoast SEO plugin v28.3 - https:\/\/yoast.com\/product\/yoast-seo-wordpress\/ -->\n<title>The Riviera dei Cedri - Boutique San Daniele Cirella<\/title>\n<meta name=\"robots\" content=\"index, follow, max-snippet:-1, max-image-preview:large, max-video-preview:-1\" \/>\n<link rel=\"canonical\" href=\"https:\/\/www.hotelsandanielecirella.it\/en\/la-riviera-dei-cedri\/\" \/>\n<meta property=\"og:locale\" content=\"en_US\" \/>\n<meta property=\"og:type\" content=\"article\" \/>\n<meta property=\"og:title\" content=\"The Riviera dei Cedri - Boutique San Daniele Cirella\" \/>\n<meta property=\"og:description\" content=\"Cirella lies in the heart of a stretch of coast where small villages, sea and mountains coexist close to one another. It&#039;s a land to explore in several directions, following the rhythm of the day and letting curiosity be your guide\" \/>\n<meta property=\"og:url\" content=\"https:\/\/www.hotelsandanielecirella.it\/en\/la-riviera-dei-cedri\/\" \/>\n<meta property=\"og:site_name\" content=\"Boutique San Daniele Cirella\" \/>\n<meta property=\"article:publisher\" content=\"https:\/\/www.facebook.com\/Hotel-San-Daniele-Cirella-100739795545886\" \/>\n<meta property=\"article:published_time\" content=\"2026-08-21T09:13:44+00:00\" \/>\n<meta property=\"article:modified_time\" content=\"2026-08-28T09:16:46+00:00\" \/>\n<meta property=\"og:image\" content=\"https:\/\/www.hotelsandanielecirella.it\/wp-cntnt\/uplds\/2024\/03\/2.-promontorio-scaled.jpeg\" \/>\n\t<meta property=\"og:image:width\" content=\"2560\" \/>\n\t<meta property=\"og:image:height\" content=\"1920\" \/>\n\t<meta property=\"og:image:type\" content=\"image\/jpeg\" \/>\n<meta name=\"author\" content=\"beddy\" \/>\n<meta name=\"twitter:card\" content=\"summary_large_image\" \/>\n<meta name=\"twitter:label1\" content=\"Written by\" \/>\n\t<meta name=\"twitter:data1\" content=\"beddy\" \/>\n\t<meta name=\"twitter:label2\" content=\"Est. reading time\" \/>\n\t<meta name=\"twitter:data2\" content=\"2 minutes\" \/>\n<script type=\"application\/ld+json\" class=\"yoast-schema-graph\">{\"@context\":\"https:\\\/\\\/schema.org\",\"@graph\":[{\"@type\":\"Article\",\"@id\":\"https:\\\/\\\/www.hotelsandanielecirella.it\\\/en\\\/la-riviera-dei-cedri\\\/#article\",\"isPartOf\":{\"@id\":\"https:\\\/\\\/www.hotelsandanielecirella.it\\\/en\\\/la-riviera-dei-cedri\\\/\"},\"author\":{\"name\":\"beddy\",\"@id\":\"https:\\\/\\\/www.hotelsandanielecirella.it\\\/en\\\/#\\\/schema\\\/person\\\/1c768c3068b115268e6410d819d98633\"},\"headline\":\"The Riviera dei Cedri\",\"datePublished\":\"2026-08-21T09:13:44+00:00\",\"dateModified\":\"2026-08-28T09:16:46+00:00\",\"mainEntityOfPage\":{\"@id\":\"https:\\\/\\\/www.hotelsandanielecirella.it\\\/en\\\/la-riviera-dei-cedri\\\/\"},\"wordCount\":139,\"publisher\":{\"@id\":\"https:\\\/\\\/www.hotelsandanielecirella.it\\\/en\\\/#organization\"},\"image\":{\"@id\":\"https:\\\/\\\/www.hotelsandanielecirella.it\\\/en\\\/la-riviera-dei-cedri\\\/#primaryimage\"},\"thumbnailUrl\":\"https:\\\/\\\/www.hotelsandanielecirella.it\\\/wp-cntnt\\\/uplds\\\/2024\\\/03\\\/2.-promontorio-scaled.jpeg\",\"articleSection\":[\"Dintorni\"],\"inLanguage\":\"en-US\"},{\"@type\":\"WebPage\",\"@id\":\"https:\\\/\\\/www.hotelsandanielecirella.it\\\/en\\\/la-riviera-dei-cedri\\\/\",\"url\":\"https:\\\/\\\/www.hotelsandanielecirella.it\\\/en\\\/la-riviera-dei-cedri\\\/\",\"name\":\"The Riviera dei Cedri - Boutique San Daniele Cirella\",\"isPartOf\":{\"@id\":\"https:\\\/\\\/www.hotelsandanielecirella.it\\\/en\\\/#website\"},\"primaryImageOfPage\":{\"@id\":\"https:\\\/\\\/www.hotelsandanielecirella.it\\\/en\\\/la-riviera-dei-cedri\\\/#primaryimage\"},\"image\":{\"@id\":\"https:\\\/\\\/www.hotelsandanielecirella.it\\\/en\\\/la-riviera-dei-cedri\\\/#primaryimage\"},\"thumbnailUrl\":\"https:\\\/\\\/www.hotelsandanielecirella.it\\\/wp-cntnt\\\/uplds\\\/2024\\\/03\\\/2.-promontorio-scaled.jpeg\",\"datePublished\":\"2026-08-21T09:13:44+00:00\",\"dateModified\":\"2026-08-28T09:16:46+00:00\",\"breadcrumb\":{\"@id\":\"https:\\\/\\\/www.hotelsandanielecirella.it\\\/en\\\/la-riviera-dei-cedri\\\/#breadcrumb\"},\"inLanguage\":\"en-US\",\"potentialAction\":[{\"@type\":\"ReadAction\",\"target\":[\"https:\\\/\\\/www.hotelsandanielecirella.it\\\/en\\\/la-riviera-dei-cedri\\\/\"]}]},{\"@type\":\"ImageObject\",\"inLanguage\":\"en-US\",\"@id\":\"https:\\\/\\\/www.hotelsandanielecirella.it\\\/en\\\/la-riviera-dei-cedri\\\/#primaryimage\",\"url\":\"https:\\\/\\\/www.hotelsandanielecirella.it\\\/wp-cntnt\\\/uplds\\\/2024\\\/03\\\/2.-promontorio-scaled.jpeg\",\"contentUrl\":\"https:\\\/\\\/www.hotelsandanielecirella.it\\\/wp-cntnt\\\/uplds\\\/2024\\\/03\\\/2.-promontorio-scaled.jpeg\",\"width\":2560,\"height\":1920},{\"@type\":\"BreadcrumbList\",\"@id\":\"https:\\\/\\\/www.hotelsandanielecirella.it\\\/en\\\/la-riviera-dei-cedri\\\/#breadcrumb\",\"itemListElement\":[{\"@type\":\"ListItem\",\"position\":1,\"name\":\"Home\",\"item\":\"https:\\\/\\\/www.hotelsandanielecirella.it\\\/en\\\/\"},{\"@type\":\"ListItem\",\"position\":2,\"name\":\"The Riviera dei Cedri\"}]},{\"@type\":\"WebSite\",\"@id\":\"https:\\\/\\\/www.hotelsandanielecirella.it\\\/en\\\/#website\",\"url\":\"https:\\\/\\\/www.hotelsandanielecirella.it\\\/en\\\/\",\"name\":\"Hotel San Daniele Cirella\",\"description\":\"Camere e Prezzi\",\"publisher\":{\"@id\":\"https:\\\/\\\/www.hotelsandanielecirella.it\\\/en\\\/#organization\"},\"potentialAction\":[{\"@type\":\"SearchAction\",\"target\":{\"@type\":\"EntryPoint\",\"urlTemplate\":\"https:\\\/\\\/www.hotelsandanielecirella.it\\\/en\\\/?s={search_term_string}\"},\"query-input\":{\"@type\":\"PropertyValueSpecification\",\"valueRequired\":true,\"valueName\":\"search_term_string\"}}],\"inLanguage\":\"en-US\"},{\"@type\":\"Organization\",\"@id\":\"https:\\\/\\\/www.hotelsandanielecirella.it\\\/en\\\/#organization\",\"name\":\"Hotel San Daniele Cirella\",\"url\":\"https:\\\/\\\/www.hotelsandanielecirella.it\\\/en\\\/\",\"logo\":{\"@type\":\"ImageObject\",\"inLanguage\":\"en-US\",\"@id\":\"https:\\\/\\\/www.hotelsandanielecirella.it\\\/en\\\/#\\\/schema\\\/logo\\\/image\\\/\",\"url\":\"https:\\\/\\\/www.hotelsandanielecirella.it\\\/wp-cntnt\\\/uplds\\\/2024\\\/03\\\/Tavola-disegno-16.png\",\"contentUrl\":\"https:\\\/\\\/www.hotelsandanielecirella.it\\\/wp-cntnt\\\/uplds\\\/2024\\\/03\\\/Tavola-disegno-16.png\",\"width\":578,\"height\":371,\"caption\":\"Hotel San Daniele Cirella\"},\"image\":{\"@id\":\"https:\\\/\\\/www.hotelsandanielecirella.it\\\/en\\\/#\\\/schema\\\/logo\\\/image\\\/\"},\"sameAs\":[\"https:\\\/\\\/www.facebook.com\\\/Hotel-San-Daniele-Cirella-100739795545886\",\"https:\\\/\\\/www.instagram.com\\\/hotelsandanielecirella\\\/\"]},{\"@type\":\"Person\",\"@id\":\"https:\\\/\\\/www.hotelsandanielecirella.it\\\/en\\\/#\\\/schema\\\/person\\\/1c768c3068b115268e6410d819d98633\",\"name\":\"beddy\",\"image\":{\"@type\":\"ImageObject\",\"inLanguage\":\"en-US\",\"@id\":\"https:\\\/\\\/secure.gravatar.com\\\/avatar\\\/b2a2f8676f9db7dd63c3aff9d9efd594a7766386b790029dba17ebf35c297097?s=96&d=mm&r=g\",\"url\":\"https:\\\/\\\/secure.gravatar.com\\\/avatar\\\/b2a2f8676f9db7dd63c3aff9d9efd594a7766386b790029dba17ebf35c297097?s=96&d=mm&r=g\",\"contentUrl\":\"https:\\\/\\\/secure.gravatar.com\\\/avatar\\\/b2a2f8676f9db7dd63c3aff9d9efd594a7766386b790029dba17ebf35c297097?s=96&d=mm&r=g\",\"caption\":\"beddy\"},\"sameAs\":[\"https:\\\/\\\/www.hotelsandanielecirella.it\"],\"url\":\"https:\\\/\\\/www.hotelsandanielecirella.it\\\/en\\\/author\\\/beddy\\\/\"}]}<\/script>\n<!-- \/ Yoast SEO plugin. -->","yoast_head_json":{"title":"The Riviera dei Cedri - Boutique San Daniele Cirella","robots":{"index":"index","follow":"follow","max-snippet":"max-snippet:-1","max-image-preview":"max-image-preview:large","max-video-preview":"max-video-preview:-1"},"canonical":"https:\/\/www.hotelsandanielecirella.it\/en\/la-riviera-dei-cedri\/","og_locale":"en_US","og_type":"article","og_title":"The Riviera dei Cedri - Boutique San Daniele Cirella","og_description":"Cirella lies in the heart of a stretch of coast where small villages, sea and mountains coexist close to one another. It's a land to explore in several directions, following the rhythm of the day and letting curiosity be your guide","og_url":"https:\/\/www.hotelsandanielecirella.it\/en\/la-riviera-dei-cedri\/","og_site_name":"Boutique San Daniele Cirella","article_publisher":"https:\/\/www.facebook.com\/Hotel-San-Daniele-Cirella-100739795545886","article_published_time":"2026-08-21T09:13:44+00:00","article_modified_time":"2026-08-28T09:16:46+00:00","og_image":[{"width":2560,"height":1920,"url":"https:\/\/www.hotelsandanielecirella.it\/wp-cntnt\/uplds\/2024\/03\/2.-promontorio-scaled.jpeg","type":"image\/jpeg"}],"author":"beddy","twitter_card":"summary_large_image","twitter_misc":{"Written by":"beddy","Est. reading time":"2 minutes"},"schema":{"@context":"https:\/\/schema.org","@graph":[{"@type":"Article","@id":"https:\/\/www.hotelsandanielecirella.it\/en\/la-riviera-dei-cedri\/#article","isPartOf":{"@id":"https:\/\/www.hotelsandanielecirella.it\/en\/la-riviera-dei-cedri\/"},"author":{"name":"beddy","@id":"https:\/\/www.hotelsandanielecirella.it\/en\/#\/schema\/person\/1c768c3068b115268e6410d819d98633"},"headline":"The Riviera dei Cedri","datePublished":"2026-08-21T09:13:44+00:00","dateModified":"2026-08-28T09:16:46+00:00","mainEntityOfPage":{"@id":"https:\/\/www.hotelsandanielecirella.it\/en\/la-riviera-dei-cedri\/"},"wordCount":139,"publisher":{"@id":"https:\/\/www.hotelsandanielecirella.it\/en\/#organization"},"image":{"@id":"https:\/\/www.hotelsandanielecirella.it\/en\/la-riviera-dei-cedri\/#primaryimage"},"thumbnailUrl":"https:\/\/www.hotelsandanielecirella.it\/wp-cntnt\/uplds\/2024\/03\/2.-promontorio-scaled.jpeg","articleSection":["Dintorni"],"inLanguage":"en-US"},{"@type":"WebPage","@id":"https:\/\/www.hotelsandanielecirella.it\/en\/la-riviera-dei-cedri\/","url":"https:\/\/www.hotelsandanielecirella.it\/en\/la-riviera-dei-cedri\/","name":"The Riviera dei Cedri - Boutique San Daniele Cirella","isPartOf":{"@id":"https:\/\/www.hotelsandanielecirella.it\/en\/#website"},"primaryImageOfPage":{"@id":"https:\/\/www.hotelsandanielecirella.it\/en\/la-riviera-dei-cedri\/#primaryimage"},"image":{"@id":"https:\/\/www.hotelsandanielecirella.it\/en\/la-riviera-dei-cedri\/#primaryimage"},"thumbnailUrl":"https:\/\/www.hotelsandanielecirella.it\/wp-cntnt\/uplds\/2024\/03\/2.-promontorio-scaled.jpeg","datePublished":"2026-08-21T09:13:44+00:00","dateModified":"2026-08-28T09:16:46+00:00","breadcrumb":{"@id":"https:\/\/www.hotelsandanielecirella.it\/en\/la-riviera-dei-cedri\/#breadcrumb"},"inLanguage":"en-US","potentialAction":[{"@type":"ReadAction","target":["https:\/\/www.hotelsandanielecirella.it\/en\/la-riviera-dei-cedri\/"]}]},{"@type":"ImageObject","inLanguage":"en-US","@id":"https:\/\/www.hotelsandanielecirella.it\/en\/la-riviera-dei-cedri\/#primaryimage","url":"https:\/\/www.hotelsandanielecirella.it\/wp-cntnt\/uplds\/2024\/03\/2.-promontorio-scaled.jpeg","contentUrl":"https:\/\/www.hotelsandanielecirella.it\/wp-cntnt\/uplds\/2024\/03\/2.-promontorio-scaled.jpeg","width":2560,"height":1920},{"@type":"BreadcrumbList","@id":"https:\/\/www.hotelsandanielecirella.it\/en\/la-riviera-dei-cedri\/#breadcrumb","itemListElement":[{"@type":"ListItem","position":1,"name":"Home","item":"https:\/\/www.hotelsandanielecirella.it\/en\/"},{"@type":"ListItem","position":2,"name":"The Riviera dei Cedri"}]},{"@type":"WebSite","@id":"https:\/\/www.hotelsandanielecirella.it\/en\/#website","url":"https:\/\/www.hotelsandanielecirella.it\/en\/","name":"Hotel San Daniele Cirella","description":"Camere e Prezzi","publisher":{"@id":"https:\/\/www.hotelsandanielecirella.it\/en\/#organization"},"potentialAction":[{"@type":"SearchAction","target":{"@type":"EntryPoint","urlTemplate":"https:\/\/www.hotelsandanielecirella.it\/en\/?s={search_term_string}"},"query-input":{"@type":"PropertyValueSpecification","valueRequired":true,"valueName":"search_term_string"}}],"inLanguage":"en-US"},{"@type":"Organization","@id":"https:\/\/www.hotelsandanielecirella.it\/en\/#organization","name":"Hotel San Daniele Cirella","url":"https:\/\/www.hotelsandanielecirella.it\/en\/","logo":{"@type":"ImageObject","inLanguage":"en-US","@id":"https:\/\/www.hotelsandanielecirella.it\/en\/#\/schema\/logo\/image\/","url":"https:\/\/www.hotelsandanielecirella.it\/wp-cntnt\/uplds\/2024\/03\/Tavola-disegno-16.png","contentUrl":"https:\/\/www.hotelsandanielecirella.it\/wp-cntnt\/uplds\/2024\/03\/Tavola-disegno-16.png","width":578,"height":371,"caption":"Hotel San Daniele Cirella"},"image":{"@id":"https:\/\/www.hotelsandanielecirella.it\/en\/#\/schema\/logo\/image\/"},"sameAs":["https:\/\/www.facebook.com\/Hotel-San-Daniele-Cirella-100739795545886","https:\/\/www.instagram.com\/hotelsandanielecirella\/"]},{"@type":"Person","@id":"https:\/\/www.hotelsandanielecirella.it\/en\/#\/schema\/person\/1c768c3068b115268e6410d819d98633","name":"beddy","image":{"@type":"ImageObject","inLanguage":"en-US","@id":"https:\/\/secure.gravatar.com\/avatar\/b2a2f8676f9db7dd63c3aff9d9efd594a7766386b790029dba17ebf35c297097?s=96&d=mm&r=g","url":"https:\/\/secure.gravatar.com\/avatar\/b2a2f8676f9db7dd63c3aff9d9efd594a7766386b790029dba17ebf35c297097?s=96&d=mm&r=g","contentUrl":"https:\/\/secure.gravatar.com\/avatar\/b2a2f8676f9db7dd63c3aff9d9efd594a7766386b790029dba17ebf35c297097?s=96&d=mm&r=g","caption":"beddy"},"sameAs":["https:\/\/www.hotelsandanielecirella.it"],"url":"https:\/\/www.hotelsandanielecirella.it\/en\/author\/beddy\/"}]}},"_links":{"self":[{"href":"https:\/\/www.hotelsandanielecirella.it\/en\/wp-json\/wp\/v2\/posts\/9371","targetHints":{"allow":["GET"]}}],"collection":[{"href":"https:\/\/www.hotelsandanielecirella.it\/en\/wp-json\/wp\/v2\/posts"}],"about":[{"href":"https:\/\/www.hotelsandanielecirella.it\/en\/wp-json\/wp\/v2\/types\/post"}],"author":[{"embeddable":true,"href":"https:\/\/www.hotelsandanielecirella.it\/en\/wp-json\/wp\/v2\/users\/1"}],"replies":[{"embeddable":true,"href":"https:\/\/www.hotelsandanielecirella.it\/en\/wp-json\/wp\/v2\/comments?post=9371"}],"version-history":[{"count":1,"href":"https:\/\/www.hotelsandanielecirella.it\/en\/wp-json\/wp\/v2\/posts\/9371\/revisions"}],"predecessor-version":[{"id":9527,"href":"https:\/\/www.hotelsandanielecirella.it\/en\/wp-json\/wp\/v2\/posts\/9371\/revisions\/9527"}],"wp:featuredmedia":[{"embeddable":true,"href":"https:\/\/www.hotelsandanielecirella.it\/en\/wp-json\/wp\/v2\/media\/9372"}],"wp:attachment":[{"href":"https:\/\/www.hotelsandanielecirella.it\/en\/wp-json\/wp\/v2\/media?parent=9371"}],"wp:term":[{"taxonomy":"category","embeddable":true,"href":"https:\/\/www.hotelsandanielecirella.it\/en\/wp-json\/wp\/v2\/categories?post=9371"},{"taxonomy":"post_tag","embeddable":true,"href":"https:\/\/www.hotelsandanielecirella.it\/en\/wp-json\/wp\/v2\/tags?post=9371"}],"curies":[{"name":"wp","href":"https:\/\/api.w.org\/{rel}","templated":true}]}}